{"id":1,"date":"2020-09-01T17:00:33","date_gmt":"2020-09-01T15:00:33","guid":{"rendered":"https:\/\/www.burg-halle.de\/id-neuwerk\/formwandel\/?p=1"},"modified":"2026-04-28T13:04:14","modified_gmt":"2026-04-28T11:04:14","slug":"hallo-welt","status":"publish","type":"post","link":"https:\/\/www.burg-halle.de\/id-neuwerk\/formwandel\/2020\/09\/01\/hallo-welt\/","title":{"rendered":"Kinetik, Geometrie und K\u00f6rper"},"content":{"rendered":"<p>&nbsp;<\/p>\n<p>&nbsp;<\/p>\n<p><img loading=\"lazy\" decoding=\"async\" class=\"alignnone size-medium wp-image-23\" src=\"https:\/\/www.burg-halle.de\/id-neuwerk\/formwandel\/wp-content\/uploads\/sites\/61\/2020\/08\/Formf\u00e4cher-Design-\u2013-Begriffe-\u2013-Begreifen-300x296.jpg\" alt=\"\" width=\"300\" height=\"296\" srcset=\"https:\/\/www.burg-halle.de\/id-neuwerk\/formwandel\/wp-content\/uploads\/sites\/61\/2020\/08\/Formf\u00e4cher-Design-\u2013-Begriffe-\u2013-Begreifen-300x296.jpg 300w, https:\/\/www.burg-halle.de\/id-neuwerk\/formwandel\/wp-content\/uploads\/sites\/61\/2020\/08\/Formf\u00e4cher-Design-\u2013-Begriffe-\u2013-Begreifen-768x757.jpg 768w, https:\/\/www.burg-halle.de\/id-neuwerk\/formwandel\/wp-content\/uploads\/sites\/61\/2020\/08\/Formf\u00e4cher-Design-\u2013-Begriffe-\u2013-Begreifen.jpg 1015w\" sizes=\"auto, (max-width: 300px) 100vw, 300px\" \/><\/p>\n<p>&nbsp;<\/p>\n<p><strong>Formf\u00e4cher, Design \u2013 Begriffe \u2013 Begreifen<\/strong><br \/>\nZ\u00fcrcher Hochschule der K\u00fcnste, Museum f\u00fcr Gestaltung Z\u00fcrich, Burg Giebichenstein Halle \/ avedition, 2010<br \/>\nSign.: RH 0 For<\/p>\n<p>\u2022 Handliches Bildlexikon f\u00fcr die wichtigsten Designbegriffe<br \/>\n\u2022 Das richtige Werkzeug f\u00fcr Studium, Lehre und Praxis<br \/>\n\u2022 Wer den Farbf\u00e4cher kennt, wird den Formf\u00e4cher lieben<\/p>\n<p>Mit dem Formf\u00e4cher wird die Wahrnehmung des Designs von Gegenst\u00e4nden gesch\u00e4rft und die Verwendung der exakten Bezeichnungen unterst\u00fctzt. Anhand exemplarischer Objekte wird ein grundlegender Wortschatz erfasst, der der Kommunikation \u00fcber das Gestalten in Praxis und Ausbildung mit einem variantenreichen Vokabular f\u00fcr die Beschreibung von Produktformen, Konstruktionen und Anmutungen zu einem pr\u00e4zisen Ausdruck verhilft. Die 100 daf\u00fcr ausgew\u00e4hlten Produkte werden zudem kurz und knapp in ihrem Entstehungshintergrund vorgestellt, so dass der Formf\u00e4cher zu einem informativen Werkzeug wird.<\/p>\n<p>&nbsp;<\/p>\n<p>&nbsp;<\/p>\n<p><img loading=\"lazy\" decoding=\"async\" class=\"alignnone size-medium wp-image-57\" src=\"https:\/\/www.burg-halle.de\/id-neuwerk\/formwandel\/wp-content\/uploads\/sites\/61\/2020\/08\/\u00dcber-Form-und-Struktur-Geometrie-in-Gestaltungsprozessen-215x300.jpg\" alt=\"\" width=\"215\" height=\"300\" srcset=\"https:\/\/www.burg-halle.de\/id-neuwerk\/formwandel\/wp-content\/uploads\/sites\/61\/2020\/08\/\u00dcber-Form-und-Struktur-Geometrie-in-Gestaltungsprozessen-215x300.jpg 215w, https:\/\/www.burg-halle.de\/id-neuwerk\/formwandel\/wp-content\/uploads\/sites\/61\/2020\/08\/\u00dcber-Form-und-Struktur-Geometrie-in-Gestaltungsprozessen-768x1074.jpg 768w, https:\/\/www.burg-halle.de\/id-neuwerk\/formwandel\/wp-content\/uploads\/sites\/61\/2020\/08\/\u00dcber-Form-und-Struktur-Geometrie-in-Gestaltungsprozessen-733x1024.jpg 733w, https:\/\/www.burg-halle.de\/id-neuwerk\/formwandel\/wp-content\/uploads\/sites\/61\/2020\/08\/\u00dcber-Form-und-Struktur-Geometrie-in-Gestaltungsprozessen.jpg 827w\" sizes=\"auto, (max-width: 215px) 100vw, 215px\" \/><\/p>\n<p>&nbsp;<\/p>\n<p><strong>\u00dcber Form und Struktur &#8211; Geometrie in Gestaltungsprozessen<\/strong><br \/>\nCornelie Leopold \/ Springer, 2014<br \/>\nSign.: RE 1 Ueb<\/p>\n<p>Formen und Strukturen werden als grundlegende Gestaltungsrelationen, insbesondere in Architektur und Produktdesign, untersucht. Die Autoren aus unterschiedlichen Disziplinen gehen der Frage nach, welche Rolle die Geometrie bei Formbildungsprozessen spielt. Traditionell kommt der Geometrie die Aufgabe zu, Formen erfassbar, darstellbar und umsetzbar zu machen, deren Erzeugungsregeln zu untersuchen. Die aktuellen Entwicklungen zeigen die Verwendung immer komplexerer, unregelm\u00e4\u00dfigerer und scheinbar &#8222;ungeometrischer&#8220; Formen. Neben geometrischen und topologischen Betrachtungen werden systemtheoretische \u00dcberlegungen sowie Prozesse der Morphogenese den Gestaltungen zugrunde gelegt. Die Autoren thematisieren Bez\u00fcge zwischen Form, Struktur und Materialit\u00e4t und wenden sich damit gegen aktuelle Tendenzen einer Beliebigkeit der Gestaltung. Ingenieurwissenschaftliche und k\u00fcnstlerisch-\u00e4sthetische Gestaltungsans\u00e4tze finden zusammen. Die Bedeutung mathematisch-strukturellen und geometrischen Denkens in diesen komplexen Zusammenh\u00e4ngen werden sowohl in historischem Kontext beleuchtet als auch in computerbasierten Arbeitsprozessen in realisierten Beispielen aus der Praxis aufgezeigt.<\/p>\n<p>&nbsp;<\/p>\n<p>&nbsp;<\/p>\n<p><img loading=\"lazy\" decoding=\"async\" class=\"alignnone size-medium wp-image-56\" src=\"https:\/\/www.burg-halle.de\/id-neuwerk\/formwandel\/wp-content\/uploads\/sites\/61\/2020\/08\/Verborgene-Gestaltung-Dinge-sehen-und-begreifen-275x300.jpg\" alt=\"\" width=\"275\" height=\"300\" srcset=\"https:\/\/www.burg-halle.de\/id-neuwerk\/formwandel\/wp-content\/uploads\/sites\/61\/2020\/08\/Verborgene-Gestaltung-Dinge-sehen-und-begreifen-275x300.jpg 275w, https:\/\/www.burg-halle.de\/id-neuwerk\/formwandel\/wp-content\/uploads\/sites\/61\/2020\/08\/Verborgene-Gestaltung-Dinge-sehen-und-begreifen.jpg 470w\" sizes=\"auto, (max-width: 275px) 100vw, 275px\" \/><\/p>\n<p>&nbsp;<\/p>\n<p><strong>Verborgene Gestaltung: Dinge sehen und begreifen<\/strong><br \/>\nFranco Clivio \/ Birkh\u00e4user, 2009<br \/>\nSign.: RH 4.1 Cli<\/p>\n<p>Das Buch Verborgene Gestaltung erschlie\u00dft, basierend auf den von Franco Clivio gesammelten Gegenst\u00e4nden, anschaulich und poetisch zugleich jene verborgenen Qualit\u00e4ten, die den ge\u00fcbten Blick erfordern. Arbeit am Gew\u00f6hnlichen, am Alltagstauglichen, an scheinbar ungestalteten Objekten, das ist die Obsession Franco Clivios als Hochschullehrer ebenso wie als Design-Praktiker. Jedes Objekt in der Sammlung steht f\u00fcr die eigenst\u00e4ndige, eigensinnige, zuweilen auch eigenartige L\u00f6sung einer Problemstellung, die oft einfach, immer aber fundamental ist; fundamental im Sinne einer Gestaltung, die weniger auf die gute Form, als vielmehr auf die perfekte Funktion setzt.<\/p>\n<p>In der fruchtbaren Zusammenarbeit mit dem Fotografen Hans Hansen und dem Grafiker Pierre Mendell ist ein Werk entstanden, das mittels Fotografien, Zeichnungen und Texten, die verborgenen Qualit\u00e4ten in Gegenst\u00e4nden des allt\u00e4glichen Gebrauchs erschlie\u00dft.<\/p>\n<p><strong><a href=\"https:\/\/www.burg-halle.de\/id-neuwerk\/formwandel\/category\/inspiration\/#Designer%20als%20Sammler\" target=\"_blank\" rel=\"noopener noreferrer\">ReCut: \u00fcber Designer als Sammler \u2026<\/a><\/strong><\/p>\n<p>&nbsp;<\/p>\n<p>&nbsp;<\/p>\n<p><img loading=\"lazy\" decoding=\"async\" class=\"alignnone size-medium wp-image-54\" src=\"https:\/\/www.burg-halle.de\/id-neuwerk\/formwandel\/wp-content\/uploads\/sites\/61\/2020\/08\/Collapsibles-ein-Album-platzsparender-Objekte-283x300.jpg\" alt=\"\" width=\"283\" height=\"300\" srcset=\"https:\/\/www.burg-halle.de\/id-neuwerk\/formwandel\/wp-content\/uploads\/sites\/61\/2020\/08\/Collapsibles-ein-Album-platzsparender-Objekte-283x300.jpg 283w, https:\/\/www.burg-halle.de\/id-neuwerk\/formwandel\/wp-content\/uploads\/sites\/61\/2020\/08\/Collapsibles-ein-Album-platzsparender-Objekte.jpg 471w\" sizes=\"auto, (max-width: 283px) 100vw, 283px\" \/><\/p>\n<p>&nbsp;<\/p>\n<p><strong>Collapsibles: ein Album platzsparender Objekte; Design &#8211; Mechanismen &#8211; Funktionalit\u00e4t<\/strong><br \/>\nPer Mollerup \/ Stiebner, 2001<br \/>\nSign.: RH 4.1 Mol<\/p>\n<p>Gadgets galore! Everything from cameras that collapse to keyboards that curl. Murphy beds, folding scooters, portable showers they&#8217;re all here. The first ever of its kind, Collapsible is a comprehensive survey of all that breaks down, balls up, pulls apart, and stacks together.<br \/>\nWhy collapse? Internationally renowned Danish designer Per Mollerup answers with every imaginable example from the past and present. The inclusion of a Swiss army knife shouldn&#8217;t come as a surprise, but what about a retractable bulletproof vest, circa 1918? With over 530 illustrations, this book is a must-have for design aficionados and anyone who has an affinity for clever product design. Collapsible is both an ode to ingenuity and an album for inspiration!<\/p>\n<p>&nbsp;<\/p>\n<p>&nbsp;<\/p>\n<p><img loading=\"lazy\" decoding=\"async\" class=\"alignnone size-medium wp-image-53\" src=\"https:\/\/www.burg-halle.de\/id-neuwerk\/formwandel\/wp-content\/uploads\/sites\/61\/2020\/08\/Frei-Otto-Denken-in-Modellen-213x300.jpg\" alt=\"\" width=\"213\" height=\"300\" srcset=\"https:\/\/www.burg-halle.de\/id-neuwerk\/formwandel\/wp-content\/uploads\/sites\/61\/2020\/08\/Frei-Otto-Denken-in-Modellen-213x300.jpg 213w, https:\/\/www.burg-halle.de\/id-neuwerk\/formwandel\/wp-content\/uploads\/sites\/61\/2020\/08\/Frei-Otto-Denken-in-Modellen.jpg 621w\" sizes=\"auto, (max-width: 213px) 100vw, 213px\" \/><\/p>\n<p>&nbsp;<\/p>\n<p><strong>Frei Otto &#8211; Denken in Modellen<\/strong><br \/>\nGeorg Vrachliotis, Joachim Kleinmanns \/ Spector Books, 2017<br \/>\nSign.: Otto 2017<\/p>\n<p>In den 1950er Jahren pr\u00e4gte Frei Otto mit seinen Zeltkonstruktionen die Gartenschauen der jungen Bonner Republik, er schuf gemeinsam mit Behnisch &amp; Partner die Dachlandschaft f\u00fcr die Olympischen Spiele 1972 in M\u00fcnchen. Das innovative Potential in seinem Oeuvre beruht auf der gro\u00dfen Interdisziplinarit\u00e4t des Denkens zwischen Architektur, Technik, Kunst, Wissenschaft und Gesellschaft. Er erkannte die Modellhaftigkeit der Natur und versuchte sie, Zeit seines Lebens<br \/>\nf\u00fcr die Architektur und den Ingenieurbau \u2013 und damit f\u00fcr die Zukunft \u2013 nutzbar zu machen. Das Frei-Otto Archiv zeichnet sich durch eine gro\u00dfe Anzahl experimenteller Modelle aus.<\/p>\n<p><a href=\"https:\/\/www.burg-halle.de\/id-neuwerk\/formwandel\/category\/inspiration\/#Frei%20Otto%20\u2013%20Denken%20in%20Modellen\" target=\"_blank\" rel=\"noopener noreferrer\"><strong>Trailer zur Ausstellung \u2026<\/strong><\/a><\/p>\n<p>&nbsp;<\/p>\n<p>&nbsp;<\/p>\n<p><img loading=\"lazy\" decoding=\"async\" class=\"alignnone size-medium wp-image-52\" src=\"https:\/\/www.burg-halle.de\/id-neuwerk\/formwandel\/wp-content\/uploads\/sites\/61\/2020\/08\/Von-der-Fl\u00e4che-zur-Form-Falttechniken-im-Papierdesign-289x300.jpg\" alt=\"\" width=\"289\" height=\"300\" srcset=\"https:\/\/www.burg-halle.de\/id-neuwerk\/formwandel\/wp-content\/uploads\/sites\/61\/2020\/08\/Von-der-Fl\u00e4che-zur-Form-Falttechniken-im-Papierdesign-289x300.jpg 289w, https:\/\/www.burg-halle.de\/id-neuwerk\/formwandel\/wp-content\/uploads\/sites\/61\/2020\/08\/Von-der-Fl\u00e4che-zur-Form-Falttechniken-im-Papierdesign-768x797.jpg 768w, https:\/\/www.burg-halle.de\/id-neuwerk\/formwandel\/wp-content\/uploads\/sites\/61\/2020\/08\/Von-der-Fl\u00e4che-zur-Form-Falttechniken-im-Papierdesign-987x1024.jpg 987w, https:\/\/www.burg-halle.de\/id-neuwerk\/formwandel\/wp-content\/uploads\/sites\/61\/2020\/08\/Von-der-Fl\u00e4che-zur-Form-Falttechniken-im-Papierdesign.jpg 1000w\" sizes=\"auto, (max-width: 289px) 100vw, 289px\" \/><\/p>\n<p>&nbsp;<\/p>\n<p><strong>Von der Fl\u00e4che zur Form: Falttechniken im Papierdesign<\/strong><br \/>\nPaul Jackson\u00a0\u00a0 \u00a0\/ Haupt, 2011<br \/>\nSign.: IF 4.3 Jac<\/p>\n<p>Viele Designer\/innen nutzen Falttechniken beim Entwerfen von dreidimensio-nalen Formen aus Stoff, Karton, Kunststoff, Metall oder anderen Materialien. Falten finden sich in so verschiedenen Bereichen wie der Architektur, Keramik, Mode, Inneneinrichtung, Schmuckherstellung und auch im Produkt- oder Textildesign. Dieses einzigartige, praktische Handbuch vermittelt das Grundwissen zum Thema Papierfalten: von linearen Ziehharmonikafalten \u00fcber verdrehte Falten bis hin zu geknitterten Oberfl\u00e4chen. \u00dcber 70 Techniken werden anhand von klaren Schritt-f\u00fcr-Schritt-Anleitungen vorgestellt, die mit Faltdiagrammen und vielen Fotos erg\u00e4nzt werden.<\/p>\n<p>&nbsp;<\/p>\n<p>&nbsp;<\/p>\n<p><img loading=\"lazy\" decoding=\"async\" class=\"alignnone size-medium wp-image-51\" src=\"https:\/\/www.burg-halle.de\/id-neuwerk\/formwandel\/wp-content\/uploads\/sites\/61\/2020\/08\/Faltpolyeder-Papierfalten-zwischen-Kunst-und-Geometrie-272x300.jpg\" alt=\"\" width=\"272\" height=\"300\" srcset=\"https:\/\/www.burg-halle.de\/id-neuwerk\/formwandel\/wp-content\/uploads\/sites\/61\/2020\/08\/Faltpolyeder-Papierfalten-zwischen-Kunst-und-Geometrie-272x300.jpg 272w, https:\/\/www.burg-halle.de\/id-neuwerk\/formwandel\/wp-content\/uploads\/sites\/61\/2020\/08\/Faltpolyeder-Papierfalten-zwischen-Kunst-und-Geometrie-768x848.jpg 768w, https:\/\/www.burg-halle.de\/id-neuwerk\/formwandel\/wp-content\/uploads\/sites\/61\/2020\/08\/Faltpolyeder-Papierfalten-zwischen-Kunst-und-Geometrie-927x1024.jpg 927w\" sizes=\"auto, (max-width: 272px) 100vw, 272px\" \/><\/p>\n<p>&nbsp;<\/p>\n<p><strong>Faltpolyeder: Papierfalten zwischen Kunst und Geometrie<\/strong><br \/>\nAlexander Heinz \/ Haupt Verlag, 2019<br \/>\nSign.: IF 4.3 Hei<\/p>\n<p>Papierdesign trifft Geometrie: Papierhandwerk auf h\u00f6chstem Niveau.<br \/>\nAnschaulich erkl\u00e4rt und mit zahlreichen Anleitungen zum Nachbauen.<\/p>\n<p>Ein Polyeder \u2013 auf Deutsch \u00abVielflach\u00bb \u2013 ist ein r\u00e4umliches Gebilde, das ausschlie\u00dflich von geraden Fl\u00e4chen begrenzt wird, beispielsweise ein W\u00fcrfel. Alexander Heinz zeigt in seinem Buch, wie alle regul\u00e4ren und halbregul\u00e4ren Polyeder aus Papier gefaltet werden k\u00f6nnen. Jedes Polyeder wird Schritt f\u00fcr Schritt von der Grundfl\u00e4che \u00fcber das Modul bis zum fertigen Modell vorgestellt.<\/p>\n<p>&nbsp;<\/p>\n<p>&nbsp;<\/p>\n<p><img loading=\"lazy\" decoding=\"async\" class=\"alignnone size-medium wp-image-50\" src=\"https:\/\/www.burg-halle.de\/id-neuwerk\/formwandel\/wp-content\/uploads\/sites\/61\/2020\/08\/Vom-Faltobjekt-zum-Werbetr\u00e4ger-Schneide-und-Falttechniken-im-Papierdesign-300x290.jpg\" alt=\"\" width=\"300\" height=\"290\" srcset=\"https:\/\/www.burg-halle.de\/id-neuwerk\/formwandel\/wp-content\/uploads\/sites\/61\/2020\/08\/Vom-Faltobjekt-zum-Werbetr\u00e4ger-Schneide-und-Falttechniken-im-Papierdesign-300x290.jpg 300w, https:\/\/www.burg-halle.de\/id-neuwerk\/formwandel\/wp-content\/uploads\/sites\/61\/2020\/08\/Vom-Faltobjekt-zum-Werbetr\u00e4ger-Schneide-und-Falttechniken-im-Papierdesign.jpg 500w\" sizes=\"auto, (max-width: 300px) 100vw, 300px\" \/><\/p>\n<p>&nbsp;<\/p>\n<p><strong>Vom Faltobjekt zum Werbetr\u00e4ger: Schneide- und Falttechniken im Papierdesign<\/strong><br \/>\nPaul Jackson \/ Haupt Verl., 2013<br \/>\nSign.: IF 4.3 Jac<\/p>\n<p>Aus zweidimensionalen Buchseiten dreidimensionale Objekte machen: \u00abVon der Idee zum Pop up\u00bb gibt Einblick in die Grundlagen des Pop up-Designs. Pro Kapitel wird dabei jeweils eine Technik eingef\u00fchrt, in all ihren Variationen erl\u00e4utert und durch zahlreiche Fotos und Schritt-f\u00fcr-Schritt-Anleitungen illustriert. Der Einstieg ins eigene Pop up-Falten wird durch Faltdiagramme und zahlreiche n\u00fctzliche Tipps zu den Arbeitsmaterialien und den Werkzeugen erleichtert. Hinweise auf Variationen und Kombinationsm\u00f6glichkeiten illustrieren die Vielfalt des Pop up-Designs und laden zur kreativen Papierarbeit ein.<\/p>\n<p>&nbsp;<\/p>\n<div class=\"_df_thumb \" id=\"df_142\"  wpoptions=\"true\" thumb=\"https:\/\/www.burg-halle.de\/id-neuwerk\/formwandel\/wp-content\/uploads\/sites\/61\/2020\/09\/smart_geometry_title.jpg\" thumbtype=\"img\" >smart geometry intro<\/div><script data-cfasync=\"false\">var option_df_142 = {\"outline\":[],\"forceFit\":\"true\",\"autoEnableOutline\":\"false\",\"autoEnableThumbnail\":\"false\",\"overwritePDFOutline\":\"false\",\"direction\":\"1\",\"pageMode\":\"0\",\"source\":\"https:\\\/\\\/www.burg-halle.de\\\/id-neuwerk\\\/formwandel\\\/wp-content\\\/uploads\\\/sites\\\/61\\\/2020\\\/09\\\/IntroductiontoInsideSmartgeometry.pdf\",\"wpOptions\":\"true\"}; if(window.DFLIP && DFLIP.parseBooks){DFLIP.parseBooks();}<\/script>\n<p>&nbsp;<\/p>\n<p><em>Im Intro bl\u00e4ttern \u2026\u00a0<\/em><\/p>\n<p>&nbsp;<\/p>\n<p><strong>Inside Smartgeometry: Expanding the Architectural Possibilities of Computational Design<\/strong><br \/>\nB\u00fcro Englich<\/p>\n<p>Smartgeometry (SG) is a key influence on the architectural community who explore creative computational methods for the design of buildings. An informal international network of practitioners and researchers, the group meets annually to experiment with new technologies and collaborate to develop digital design techniques.<\/p>\n<p>&nbsp;<\/p>\n","protected":false},"excerpt":{"rendered":"<p>&nbsp; &nbsp; &nbsp; Formf\u00e4cher, Design \u2013 Begriffe \u2013 Begreifen Z\u00fcrcher Hochschule der K\u00fcnste, Museum f\u00fcr Gestaltung Z\u00fcrich, Burg Giebichenstein Halle \/ avedition, 2010 Sign.: RH 0 For \u2022 Handliches Bildlexikon f\u00fcr die wichtigsten Designbegriffe \u2022 Das richtige Werkzeug f\u00fcr Studium, Lehre und Praxis \u2022 Wer den Farbf\u00e4cher kennt, wird den Formf\u00e4cher lieben Mit dem Formf\u00e4cher [&hellip;]<\/p>\n","protected":false},"author":5,"featured_media":82,"comment_status":"closed","ping_status":"closed","sticky":false,"template":"","format":"standard","meta":{"footnotes":""},"categories":[7],"tags":[],"class_list":["post-1","post","type-post","status-publish","format-standard","has-post-thumbnail","hentry","category-literatur"],"_links":{"self":[{"href":"https:\/\/www.burg-halle.de\/id-neuwerk\/formwandel\/wp-json\/wp\/v2\/posts\/1","targetHints":{"allow":["GET"]}}],"collection":[{"href":"https:\/\/www.burg-halle.de\/id-neuwerk\/formwandel\/wp-json\/wp\/v2\/posts"}],"about":[{"href":"https:\/\/www.burg-halle.de\/id-neuwerk\/formwandel\/wp-json\/wp\/v2\/types\/post"}],"author":[{"embeddable":true,"href":"https:\/\/www.burg-halle.de\/id-neuwerk\/formwandel\/wp-json\/wp\/v2\/users\/5"}],"replies":[{"embeddable":true,"href":"https:\/\/www.burg-halle.de\/id-neuwerk\/formwandel\/wp-json\/wp\/v2\/comments?post=1"}],"version-history":[{"count":15,"href":"https:\/\/www.burg-halle.de\/id-neuwerk\/formwandel\/wp-json\/wp\/v2\/posts\/1\/revisions"}],"predecessor-version":[{"id":146,"href":"https:\/\/www.burg-halle.de\/id-neuwerk\/formwandel\/wp-json\/wp\/v2\/posts\/1\/revisions\/146"}],"wp:featuredmedia":[{"embeddable":true,"href":"https:\/\/www.burg-halle.de\/id-neuwerk\/formwandel\/wp-json\/wp\/v2\/media\/82"}],"wp:attachment":[{"href":"https:\/\/www.burg-halle.de\/id-neuwerk\/formwandel\/wp-json\/wp\/v2\/media?parent=1"}],"wp:term":[{"taxonomy":"category","embeddable":true,"href":"https:\/\/www.burg-halle.de\/id-neuwerk\/formwandel\/wp-json\/wp\/v2\/categories?post=1"},{"taxonomy":"post_tag","embeddable":true,"href":"https:\/\/www.burg-halle.de\/id-neuwerk\/formwandel\/wp-json\/wp\/v2\/tags?post=1"}],"curies":[{"name":"wp","href":"https:\/\/api.w.org\/{rel}","templated":true}]}}